{"id":8664,"date":"2021-01-20T10:15:42","date_gmt":"2021-01-20T08:15:42","guid":{"rendered":"https:\/\/www.rchumanities.gr\/?p=8664"},"modified":"2021-12-13T13:14:46","modified_gmt":"2021-12-13T11:14:46","slug":"taskin-ozer","status":"publish","type":"post","link":"https:\/\/www.rchumanities.gr\/en\/taskin-ozer\/","title":{"rendered":"&#8220;Political Rights and Behavior of the Non-Muslim Minorities in Turkey under the High Polarized Politics&#8221;"},"content":{"rendered":"<div class=\"su-tabs su-tabs-style-horizontal su-tabs-mobile-stack\" data-active=\"1\" data-scroll-offset=\"0\" data-anchor-in-url=\"no\"><div class=\"su-tabs-nav\"><span class=\"\" data-url=\"\" data-target=\"blank\" tabindex=\"0\" role=\"button\">Research Proposal<\/span><span class=\"\" data-url=\"\" data-target=\"blank\" tabindex=\"0\" role=\"button\">Conference<\/span><span class=\"\" data-url=\"\" data-target=\"blank\" tabindex=\"0\" role=\"button\">Short bios<\/span><\/div><div class=\"su-tabs-panes\"><div class=\"su-tabs-pane su-u-clearfix su-u-trim\" data-title=\"Research Proposal\">\n<h4>Summary of the Research Proposal<\/h4>\n<p style=\"text-align: justify;\">The aim of this proposal is to examine how do the non-Muslim minorities in Turkey, develop new ways to protect and enjoy their minority rights since 2013 in a politically atmosphere polarized between the incumbent and opposition parts and now reflected to the electoral alliances.<\/p>\n<p style=\"text-align: justify;\">Considering the increasing political polarization in Turkey since 2013 mainly constructed on identities due to the several political and social events such as Gezi Events, terrorist bombings, presidential elections and military uprising, this research focuses on the political behavior of the non-Muslim minorities in Turkey to understand how they develop creative solutions in protecting their collective and individual rights. How do the minority communities perceive the increasing political polarization which targets them \u2018the other\u2019 twice and limits their room for political participation to express their rights and demands?<\/p>\n<p style=\"text-align: justify;\">The fact that there are minority deputies with different party tickets in the Turkish parliament since 2015 makes this research crucial to explore the political behavior and preferences of the minority groups through face-to-face interviews with each communities\u2019 prominent actors (politicians, journalists, academics) and surveys with the group members to acknowledge whether they prefer to align with the pro-Islamist incumbent party; have a block vote for the secular parties which are more close to their life-style; or vote for the parties that nominate minority candidates.<\/p>\n<p style=\"text-align: justify;\">Besides recording the effectiveness of the minority deputies in terms of their field-work in the Turkish assembly, interviews to be conducted with the minority deputies also aim to enlighten the discourse these communities adopted: demand for the collective rights of the minority groups or a struggle for general political and civic rights considering the whole society- especially the opposition. The proposed research will also measure the impact of Turkey\u2019s recent bilateral tensions with the minority groups\u2019 kin-states (namely Greece, Armenia and Israel) and president Erdo\u011fan\u2019s much debated policies such as reopening of Hagia Sophia and Chora museums as mosques in summer 2020 on these communities\u2019 attitudes towards the Turkish state.<\/p>\n<\/div>\n<div class=\"su-tabs-pane su-u-clearfix su-u-trim\" data-title=\"Conference\">\n<p><img loading=\"lazy\" decoding=\"async\" class=\"alignleft wp-image-9444 size-medium\" src=\"https:\/\/www.rchumanities.gr\/wp-content\/uploads\/2021\/01\/Poster_Ozer-Taskin_FINAL-212x300.png\" alt=\"\" width=\"212\" height=\"300\" srcset=\"https:\/\/www.rchumanities.gr\/wp-content\/uploads\/2021\/01\/Poster_Ozer-Taskin_FINAL-212x300.png 212w, https:\/\/www.rchumanities.gr\/wp-content\/uploads\/2021\/01\/Poster_Ozer-Taskin_FINAL-724x1024.png 724w, https:\/\/www.rchumanities.gr\/wp-content\/uploads\/2021\/01\/Poster_Ozer-Taskin_FINAL-768x1086.png 768w, https:\/\/www.rchumanities.gr\/wp-content\/uploads\/2021\/01\/Poster_Ozer-Taskin_FINAL-1086x1536.png 1086w, https:\/\/www.rchumanities.gr\/wp-content\/uploads\/2021\/01\/Poster_Ozer-Taskin_FINAL-1448x2048.png 1448w\" sizes=\"auto, (max-width: 212px) 100vw, 212px\" \/><\/p>\n<h4>Online Conference<br \/>\nPolitical Rights and Behaviour of Non-Muslim Minorities in Turkey under Highly Polarized Politics<\/h4>\n<p><em>This conference is organized by Utku \u00d6zer and Burcu Ta\u015fk\u0131n within the context of their research project \u201cPolitical Rights and Behavior of the Non-Muslim Minorities in Turkey under the High Polarized Politics\u201d, which is supported by the Research Centre for the Humanities (RCH) for the year 2021.<\/em><\/p>\n<p><strong>16 December 2021<\/strong><\/p>\n<p>The conference will be held via Zoom:<br \/>\n<a href=\"https:\/\/us02web.zoom.us\/j\/85966166268?pwd=K3ZsU3ljY2xTNU1NRUwxTHBnYjlhdz09\">https:\/\/us02web.zoom.us\/j\/85966166268?pwd=K3ZsU3ljY2xTNU1NRUwxTHBnYjlhdz09<\/a><br \/>\nMeeting ID: 859 6616 6268<br \/>\nPasscode: 008720<\/p>\n<p><a href=\"https:\/\/fb.me\/e\/24zzYVWAz\" target=\"_blank\" rel=\"noopener\">Facebook Event<\/a><\/p>\n<hr \/>\n<p><a href=\"https:\/\/www.rchumanities.gr\/wp-content\/uploads\/2021\/01\/2021_Ozer-Taksin_Program.pdf\" target=\"_blank\" rel=\"noopener\"><strong>Program<\/strong><\/a><\/p>\n<p>&nbsp;<\/p>\n<p><strong>13:00-13:20 (Athens time) <\/strong><\/p>\n<p><strong>14:00-14:20 <\/strong><strong>(Istanbul time)<\/strong><\/p>\n<p>Welcome and Introduction<\/p>\n<p>Dr. Despoina Valatsou, Research Centre for the Humanities &amp; Athens School of Fine Arts<\/p>\n<p>Utku \u00d6zer &amp; Burcu Ta\u015fk\u0131n, Panteion University &amp; Istanbul Medeniyet University<\/p>\n<p>&nbsp;<\/p>\n<p><strong>13:20-13:40 (Athens time) <\/strong><\/p>\n<p><strong>14:20-14:40 (Istanbul time)\u00a0\u00a0\u00a0 <\/strong><\/p>\n<p>P\u0131nar Uyan- Semerci, Istanbul Bilgi University<\/p>\n<p>\u201cDimensions of Polarization in Turkey\u201d<\/p>\n<p>&nbsp;<\/p>\n<p><strong>13:40-14:00 (Athens time) <\/strong><\/p>\n<p><strong>14:40-15:00 (Istanbul time)\u00a0\u00a0\u00a0 <\/strong><\/p>\n<p>Burak Cop, \u00a0Bah\u00e7e\u015fehir University<\/p>\n<p>\u201cThe decline of authoritarian populism &amp; the limits of social polarization in Turkey\u201d<\/p>\n<p><strong>\u00a0<\/strong><\/p>\n<p><strong>14: 00-14:30 (Athens time) <\/strong><\/p>\n<p><strong>15.00-15.30(Istanbul time)\u00a0\u00a0\u00a0 <\/strong><\/p>\n<p>Questions and Discussion<\/p>\n<p>&nbsp;<\/p>\n<p><strong>14:30-14:50 (Athens time) <\/strong><\/p>\n<p><strong>15:20-15:50 (Istanbul time)\u00a0\u00a0 <\/strong><\/p>\n<p>Break<\/p>\n<p>&nbsp;<\/p>\n<p><strong>14:50-15:10 (Athens time) <\/strong><\/p>\n<p><strong>15:50-16:10<\/strong> (<strong>Istanbul time)<\/strong><\/p>\n<p>Selina Do\u011fan, lawyer, \u015ei\u015fli municipality council member and ex-CHP deputy<\/p>\n<p>\u201cPresence and Impact of the Minorities in Turkey in the Public Sphere\u201d<\/p>\n<p>&nbsp;<\/p>\n<p><strong>15:10-15:30 (Athens time) <\/strong><\/p>\n<p><strong>16:10-16:30 (Istanbul time)\u00a0\u00a0\u00a0 <\/strong><\/p>\n<p>Ioannis Grigoriadis, Bilkent University, chief editor Eliamep<\/p>\n<p>&#8220;Between a Rock and a Hard Place: The Case of Turkey&#8217;s Greek Minority&#8221;<\/p>\n<p>&nbsp;<\/p>\n<p><strong>15:30-15:50 (Athens time) <\/strong><\/p>\n<p><strong>16:30-16:50 (Istanbul time)\u00a0\u00a0\u00a0 <\/strong><\/p>\n<p>Utku \u00d6zer &amp; Burcu Ta\u015fk\u0131n,<\/p>\n<p>\u201cWeakened Political Institutions vs. Strengthened Visibility of Minorities\u201d<\/p>\n<p>&nbsp;<\/p>\n<p><strong>15:50-16:20 (Athens time) <\/strong><\/p>\n<p><strong>16:50-17:20<\/strong> <strong>(Istanbul time) <\/strong><\/p>\n<p>Questions and Discussion<\/p>\n<p>&nbsp;<\/p>\n<hr \/>\n<p>Conference Program (<a href=\"https:\/\/www.rchumanities.gr\/wp-content\/uploads\/2021\/01\/2021_Ozer-Taksin_Program.pdf\" target=\"_blank\" rel=\"noopener\">PDF<\/a>)<\/p>\n<p>Conference Poster (<a href=\"https:\/\/www.rchumanities.gr\/wp-content\/uploads\/2021\/01\/2021_Ozer-Taksin_Poster.pdf\" target=\"_blank\" rel=\"noopener\">PDF<\/a>, <a href=\"https:\/\/www.rchumanities.gr\/wp-content\/uploads\/2021\/01\/Poster_Ozer-Taskin_FINAL.png\" target=\"_blank\" rel=\"noopener\" data-rel=\"lightbox-image-0\" data-rl_title=\"\" data-rl_caption=\"\" title=\"\">PNG<\/a>)<\/p>\n<\/div>\n<div class=\"su-tabs-pane su-u-clearfix su-u-trim\" data-title=\"Short bios\">\n<p><img loading=\"lazy\" decoding=\"async\" class=\"alignleft size-full wp-image-8665\" src=\"https:\/\/www.rchumanities.gr\/wp-content\/uploads\/2021\/01\/TASKIN.jpg\" alt=\"\" width=\"150\" height=\"200\" \/><\/p>\n<p style=\"text-align: justify;\">Born in Istanbul in 1982, <strong>Burcu Ta\u015fk\u0131n<\/strong> graduated from Sabanc\u0131 University with a bachelor&#8217;s degree in Economics in 2005 and a master&#8217;s degree in Political Science in 2007. After completing the Southeast European Studies Master&#8217;s program at the University of Athens in 2008, she received her PhD in Political Science from Istanbul Bilgi University in 2014. Since 2015, she is an Assistant Professor at Istanbul Medeniyet University, Department of Political Science and Public Administration, discipline of Comparative Politics.<\/p>\n<p style=\"text-align: justify;\">Her areas of interest are political representation of minorities, democratization, gender studies, voter behaviour, Turkish\u2013Greek relations, and Balkan politics. She is the author of the book <em>Political Representation of Minorities in Greece and Turkey: Nationalism, Reciprocity and Europeanization<\/em>, released on March 2019 by Libra Publisher.\u00a0 She has published several related articles at the journals such as Turkish Studies, Nationalism and Ethnic Politics, Open Gender Journal, Southeast European and Blacksea Studies, Regional and Federal Studies.<\/p>\n<hr \/>\n<p><img loading=\"lazy\" decoding=\"async\" class=\"alignleft size-full wp-image-8667\" src=\"https:\/\/www.rchumanities.gr\/wp-content\/uploads\/2021\/01\/OZER.jpg\" alt=\"\" width=\"104\" height=\"150\" \/><\/p>\n<p>Born in Istanbul in 1982, <strong>Utku \u00d6zer<\/strong> graduated from Istanbul University with bachelor\u2019s degree in International Relations. She had her masters\u2019 degree in International Relations in 2006 at Marmara University with a dissertation on the dynamics of post-Soviet nation-building. She received her PhD in International Relations from Istanbul University in 2012 with a dissertation titled <em>The Role of Nationalism in the Disintegration and the Reformation of the Empires: The Examples of Ottoman Empire and Russian Empire. <\/em>She has worked as a research assistant at Maltepe University, Department of International Relations and European Union between 2009 and 2012 and then as an assistant professor at the same university between 2012 and 2015. She was later an assistant professor at Gaziantep University for a year until 2016, when she moved to Greece for her postdoctoral studies. She has taught courses on History of Political Thought,\u00a0 Political Ideologies, Political Thought in Turkey, History of the Ottoman Empire, Turkish Foreign Policy, Humanities, Political History, Nationalism, and Balkans. Some of her areas of interest are nationalism, identity, history of the Ottoman Empire and modern Turkey, history of Russia, Turkish-Russian relations, Turkish-Greek relations,\u00a0 and Balkan politics. She has several articles, book chapters and presentations in related topics.<\/p>\n<\/div><\/div><\/div>\n","protected":false},"excerpt":{"rendered":"","protected":false},"author":5,"featured_media":0,"comment_status":"closed","ping_status":"closed","sticky":false,"template":"","format":"standard","meta":{"_acf_changed":false,"footnotes":""},"categories":[70,106],"tags":[],"class_list":["post-8664","post","type-post","status-publish","format-standard","hentry","category-research","category-the-social-world-diversity-institutions-and-values"],"acf":[],"_links":{"self":[{"href":"https:\/\/www.rchumanities.gr\/en\/wp-json\/wp\/v2\/posts\/8664","targetHints":{"allow":["GET"]}}],"collection":[{"href":"https:\/\/www.rchumanities.gr\/en\/wp-json\/wp\/v2\/posts"}],"about":[{"href":"https:\/\/www.rchumanities.gr\/en\/wp-json\/wp\/v2\/types\/post"}],"author":[{"embeddable":true,"href":"https:\/\/www.rchumanities.gr\/en\/wp-json\/wp\/v2\/users\/5"}],"replies":[{"embeddable":true,"href":"https:\/\/www.rchumanities.gr\/en\/wp-json\/wp\/v2\/comments?post=8664"}],"version-history":[{"count":8,"href":"https:\/\/www.rchumanities.gr\/en\/wp-json\/wp\/v2\/posts\/8664\/revisions"}],"predecessor-version":[{"id":9451,"href":"https:\/\/www.rchumanities.gr\/en\/wp-json\/wp\/v2\/posts\/8664\/revisions\/9451"}],"wp:attachment":[{"href":"https:\/\/www.rchumanities.gr\/en\/wp-json\/wp\/v2\/media?parent=8664"}],"wp:term":[{"taxonomy":"category","embeddable":true,"href":"https:\/\/www.rchumanities.gr\/en\/wp-json\/wp\/v2\/categories?post=8664"},{"taxonomy":"post_tag","embeddable":true,"href":"https:\/\/www.rchumanities.gr\/en\/wp-json\/wp\/v2\/tags?post=8664"}],"curies":[{"name":"wp","href":"https:\/\/api.w.org\/{rel}","templated":true}]}}